{"id":349,"date":"2009-04-20T11:22:11","date_gmt":"2009-04-20T14:22:11","guid":{"rendered":"http:\/\/www.rosaagustina.cl\/noticias\/?p=349"},"modified":"2009-04-20T11:48:14","modified_gmt":"2009-04-20T14:48:14","slug":"alvaro-scaramelli-en-rosa-agustina","status":"publish","type":"post","link":"https:\/\/www.rosaagustina.cl\/noticias\/alvaro-scaramelli-en-rosa-agustina\/","title":{"rendered":"Alvaro Scaramelli en Rosa Agustina"},"content":{"rendered":"<p><img loading=\"lazy\" decoding=\"async\" class=\"alignleft size-full wp-image-306\" style=\"margin-right: 15px;\" title=\"alvaroinstitucional-21\" src=\"http:\/\/www.rosaagustina.cl\/noticias\/wp-content\/uploads\/2009\/04\/alvaroinstitucional-21.jpg\" alt=\"alvaroinstitucional-21\" width=\"119\" height=\"131\" \/> Gran \u00e9xito tuvo el taller de relajaci\u00f3n ofrecido por <a href=\"http:\/\/www.rosaagustina.cl\/noticias\/?p=255\">Alvaro Scaramelli el d\u00eda 11 de Abril<\/a>. Un ambiente de calma y paz interior invadi\u00f3 los esp\u00edritus de los partcipantes generando sensaciones de felicidad que hizo de sus estad\u00edas un fin de semana inolvidable.<\/p>\n<p>Pr\u00f3ximamente m\u00e1s informaci\u00f3n sobre nuevos Talleres.<\/p>\n<p><a href=\"http:\/\/www.rosaagustina.cl\/productos\/spa\/productos.html\">Spa Naturales<\/a><a href=\"http:\/\/www.rosaagustina.cl\"><br \/>\nRosa Agustina Resort<\/a><\/p>\n","protected":false},"excerpt":{"rendered":"<p>Gran \u00e9xito tuvo el taller de relajaci\u00f3n ofrecido por Alvaro Scaramelli el d\u00eda 11 de Abril. Un ambiente de calma y paz interior invadi\u00f3 los esp\u00edritus de los partcipantes generando sensaciones de felicidad que hizo de sus estad\u00edas un fin de semana inolvidable. Pr\u00f3ximamente m\u00e1s informaci\u00f3n sobre nuevos Talleres. Spa Naturales Rosa Agustina Resort<\/p>\n","protected":false},"author":1,"featured_media":0,"comment_status":"open","ping_status":"open","sticky":false,"template":"","format":"standard","meta":{"footnotes":""},"categories":[26,1],"tags":[349,10,49,42],"yoast_head":"<!-- This site is optimized with the Yoast SEO plugin v22.8 - https:\/\/yoast.com\/wordpress\/plugins\/seo\/ -->\n<title>Alvaro Scaramelli en Rosa Agustina - Noticias Rosa Agustina Resorts &amp; Spa<\/title>\n<meta name=\"robots\" content=\"index, follow, max-snippet:-1, max-image-preview:large, max-video-preview:-1\" \/>\n<link rel=\"canonical\" href=\"https:\/\/www.rosaagustina.cl\/noticias\/alvaro-scaramelli-en-rosa-agustina\/\" \/>\n<meta property=\"og:locale\" content=\"en_US\" \/>\n<meta property=\"og:type\" content=\"article\" \/>\n<meta property=\"og:title\" content=\"Alvaro Scaramelli en Rosa Agustina - Noticias Rosa Agustina Resorts &amp; Spa\" \/>\n<meta property=\"og:description\" content=\"Gran \u00e9xito tuvo el taller de relajaci\u00f3n ofrecido por Alvaro Scaramelli el d\u00eda 11 de Abril. Un ambiente de calma y paz interior invadi\u00f3 los esp\u00edritus de los partcipantes generando sensaciones de felicidad que hizo de sus estad\u00edas un fin de semana inolvidable. Pr\u00f3ximamente m\u00e1s informaci\u00f3n sobre nuevos Talleres. Spa Naturales Rosa Agustina Resort\" \/>\n<meta property=\"og:url\" content=\"https:\/\/www.rosaagustina.cl\/noticias\/alvaro-scaramelli-en-rosa-agustina\/\" \/>\n<meta property=\"og:site_name\" content=\"Noticias Rosa Agustina Resorts &amp; Spa\" \/>\n<meta property=\"article:published_time\" content=\"2009-04-20T14:22:11+00:00\" \/>\n<meta property=\"article:modified_time\" content=\"2009-04-20T14:48:14+00:00\" \/>\n<meta property=\"og:image\" content=\"http:\/\/www.rosaagustina.cl\/noticias\/wp-content\/uploads\/2009\/04\/alvaroinstitucional-21.jpg\" \/>\n<meta name=\"author\" content=\"Equipo Rosa Agustina\" \/>\n<meta name=\"twitter:card\" content=\"summary_large_image\" \/>\n<meta name=\"twitter:label1\" content=\"Written by\" \/>\n\t<meta name=\"twitter:data1\" content=\"Equipo Rosa Agustina\" \/>\n<script type=\"application\/ld+json\" class=\"yoast-schema-graph\">{\"@context\":\"https:\/\/schema.org\",\"@graph\":[{\"@type\":\"WebPage\",\"@id\":\"https:\/\/www.rosaagustina.cl\/noticias\/alvaro-scaramelli-en-rosa-agustina\/\",\"url\":\"https:\/\/www.rosaagustina.cl\/noticias\/alvaro-scaramelli-en-rosa-agustina\/\",\"name\":\"Alvaro Scaramelli en Rosa Agustina - Noticias Rosa Agustina Resorts &amp; Spa\",\"isPartOf\":{\"@id\":\"https:\/\/www.rosaagustina.cl\/noticias\/#website\"},\"primaryImageOfPage\":{\"@id\":\"https:\/\/www.rosaagustina.cl\/noticias\/alvaro-scaramelli-en-rosa-agustina\/#primaryimage\"},\"image\":{\"@id\":\"https:\/\/www.rosaagustina.cl\/noticias\/alvaro-scaramelli-en-rosa-agustina\/#primaryimage\"},\"thumbnailUrl\":\"http:\/\/www.rosaagustina.cl\/noticias\/wp-content\/uploads\/2009\/04\/alvaroinstitucional-21.jpg\",\"datePublished\":\"2009-04-20T14:22:11+00:00\",\"dateModified\":\"2009-04-20T14:48:14+00:00\",\"author\":{\"@id\":\"https:\/\/www.rosaagustina.cl\/noticias\/#\/schema\/person\/1a20da8b2247969230d7aaa18cb48c8a\"},\"breadcrumb\":{\"@id\":\"https:\/\/www.rosaagustina.cl\/noticias\/alvaro-scaramelli-en-rosa-agustina\/#breadcrumb\"},\"inLanguage\":\"en-US\",\"potentialAction\":[{\"@type\":\"ReadAction\",\"target\":[\"https:\/\/www.rosaagustina.cl\/noticias\/alvaro-scaramelli-en-rosa-agustina\/\"]}]},{\"@type\":\"ImageObject\",\"inLanguage\":\"en-US\",\"@id\":\"https:\/\/www.rosaagustina.cl\/noticias\/alvaro-scaramelli-en-rosa-agustina\/#primaryimage\",\"url\":\"https:\/\/www.rosaagustina.cl\/noticias\/wp-content\/uploads\/2009\/04\/alvaroinstitucional-21.jpg\",\"contentUrl\":\"https:\/\/www.rosaagustina.cl\/noticias\/wp-content\/uploads\/2009\/04\/alvaroinstitucional-21.jpg\",\"width\":\"233\",\"height\":\"257\"},{\"@type\":\"BreadcrumbList\",\"@id\":\"https:\/\/www.rosaagustina.cl\/noticias\/alvaro-scaramelli-en-rosa-agustina\/#breadcrumb\",\"itemListElement\":[{\"@type\":\"ListItem\",\"position\":1,\"name\":\"Home\",\"item\":\"https:\/\/www.rosaagustina.cl\/noticias\/\"},{\"@type\":\"ListItem\",\"position\":2,\"name\":\"Alvaro Scaramelli en Rosa Agustina\"}]},{\"@type\":\"WebSite\",\"@id\":\"https:\/\/www.rosaagustina.cl\/noticias\/#website\",\"url\":\"https:\/\/www.rosaagustina.cl\/noticias\/\",\"name\":\"Noticias Rosa Agustina Resorts &amp; Spa\",\"description\":\"Todas las promociones y noticias las podr\u00e1s encontrar aqu\u00ed\",\"potentialAction\":[{\"@type\":\"SearchAction\",\"target\":{\"@type\":\"EntryPoint\",\"urlTemplate\":\"https:\/\/www.rosaagustina.cl\/noticias\/?s={search_term_string}\"},\"query-input\":\"required name=search_term_string\"}],\"inLanguage\":\"en-US\"},{\"@type\":\"Person\",\"@id\":\"https:\/\/www.rosaagustina.cl\/noticias\/#\/schema\/person\/1a20da8b2247969230d7aaa18cb48c8a\",\"name\":\"Equipo Rosa Agustina\",\"image\":{\"@type\":\"ImageObject\",\"inLanguage\":\"en-US\",\"@id\":\"https:\/\/www.rosaagustina.cl\/noticias\/#\/schema\/person\/image\/\",\"url\":\"https:\/\/secure.gravatar.com\/avatar\/1b19a9031bd2ad4bf47c131b81bcd89b?s=96&r=g\",\"contentUrl\":\"https:\/\/secure.gravatar.com\/avatar\/1b19a9031bd2ad4bf47c131b81bcd89b?s=96&r=g\",\"caption\":\"Equipo Rosa Agustina\"},\"sameAs\":[\"http:\/\/www.rosaagustina.cl\"],\"url\":\"https:\/\/www.rosaagustina.cl\/noticias\/author\/admin\/\"}]}<\/script>\n<!-- \/ Yoast SEO plugin. -->","yoast_head_json":{"title":"Alvaro Scaramelli en Rosa Agustina - Noticias Rosa Agustina Resorts &amp; Spa","robots":{"index":"index","follow":"follow","max-snippet":"max-snippet:-1","max-image-preview":"max-image-preview:large","max-video-preview":"max-video-preview:-1"},"canonical":"https:\/\/www.rosaagustina.cl\/noticias\/alvaro-scaramelli-en-rosa-agustina\/","og_locale":"en_US","og_type":"article","og_title":"Alvaro Scaramelli en Rosa Agustina - Noticias Rosa Agustina Resorts &amp; Spa","og_description":"Gran \u00e9xito tuvo el taller de relajaci\u00f3n ofrecido por Alvaro Scaramelli el d\u00eda 11 de Abril. Un ambiente de calma y paz interior invadi\u00f3 los esp\u00edritus de los partcipantes generando sensaciones de felicidad que hizo de sus estad\u00edas un fin de semana inolvidable. Pr\u00f3ximamente m\u00e1s informaci\u00f3n sobre nuevos Talleres. Spa Naturales Rosa Agustina Resort","og_url":"https:\/\/www.rosaagustina.cl\/noticias\/alvaro-scaramelli-en-rosa-agustina\/","og_site_name":"Noticias Rosa Agustina Resorts &amp; Spa","article_published_time":"2009-04-20T14:22:11+00:00","article_modified_time":"2009-04-20T14:48:14+00:00","og_image":[{"url":"http:\/\/www.rosaagustina.cl\/noticias\/wp-content\/uploads\/2009\/04\/alvaroinstitucional-21.jpg"}],"author":"Equipo Rosa Agustina","twitter_card":"summary_large_image","twitter_misc":{"Written by":"Equipo Rosa Agustina"},"schema":{"@context":"https:\/\/schema.org","@graph":[{"@type":"WebPage","@id":"https:\/\/www.rosaagustina.cl\/noticias\/alvaro-scaramelli-en-rosa-agustina\/","url":"https:\/\/www.rosaagustina.cl\/noticias\/alvaro-scaramelli-en-rosa-agustina\/","name":"Alvaro Scaramelli en Rosa Agustina - Noticias Rosa Agustina Resorts &amp; Spa","isPartOf":{"@id":"https:\/\/www.rosaagustina.cl\/noticias\/#website"},"primaryImageOfPage":{"@id":"https:\/\/www.rosaagustina.cl\/noticias\/alvaro-scaramelli-en-rosa-agustina\/#primaryimage"},"image":{"@id":"https:\/\/www.rosaagustina.cl\/noticias\/alvaro-scaramelli-en-rosa-agustina\/#primaryimage"},"thumbnailUrl":"http:\/\/www.rosaagustina.cl\/noticias\/wp-content\/uploads\/2009\/04\/alvaroinstitucional-21.jpg","datePublished":"2009-04-20T14:22:11+00:00","dateModified":"2009-04-20T14:48:14+00:00","author":{"@id":"https:\/\/www.rosaagustina.cl\/noticias\/#\/schema\/person\/1a20da8b2247969230d7aaa18cb48c8a"},"breadcrumb":{"@id":"https:\/\/www.rosaagustina.cl\/noticias\/alvaro-scaramelli-en-rosa-agustina\/#breadcrumb"},"inLanguage":"en-US","potentialAction":[{"@type":"ReadAction","target":["https:\/\/www.rosaagustina.cl\/noticias\/alvaro-scaramelli-en-rosa-agustina\/"]}]},{"@type":"ImageObject","inLanguage":"en-US","@id":"https:\/\/www.rosaagustina.cl\/noticias\/alvaro-scaramelli-en-rosa-agustina\/#primaryimage","url":"https:\/\/www.rosaagustina.cl\/noticias\/wp-content\/uploads\/2009\/04\/alvaroinstitucional-21.jpg","contentUrl":"https:\/\/www.rosaagustina.cl\/noticias\/wp-content\/uploads\/2009\/04\/alvaroinstitucional-21.jpg","width":"233","height":"257"},{"@type":"BreadcrumbList","@id":"https:\/\/www.rosaagustina.cl\/noticias\/alvaro-scaramelli-en-rosa-agustina\/#breadcrumb","itemListElement":[{"@type":"ListItem","position":1,"name":"Home","item":"https:\/\/www.rosaagustina.cl\/noticias\/"},{"@type":"ListItem","position":2,"name":"Alvaro Scaramelli en Rosa Agustina"}]},{"@type":"WebSite","@id":"https:\/\/www.rosaagustina.cl\/noticias\/#website","url":"https:\/\/www.rosaagustina.cl\/noticias\/","name":"Noticias Rosa Agustina Resorts &amp; Spa","description":"Todas las promociones y noticias las podr\u00e1s encontrar aqu\u00ed","potentialAction":[{"@type":"SearchAction","target":{"@type":"EntryPoint","urlTemplate":"https:\/\/www.rosaagustina.cl\/noticias\/?s={search_term_string}"},"query-input":"required name=search_term_string"}],"inLanguage":"en-US"},{"@type":"Person","@id":"https:\/\/www.rosaagustina.cl\/noticias\/#\/schema\/person\/1a20da8b2247969230d7aaa18cb48c8a","name":"Equipo Rosa Agustina","image":{"@type":"ImageObject","inLanguage":"en-US","@id":"https:\/\/www.rosaagustina.cl\/noticias\/#\/schema\/person\/image\/","url":"https:\/\/secure.gravatar.com\/avatar\/1b19a9031bd2ad4bf47c131b81bcd89b?s=96&r=g","contentUrl":"https:\/\/secure.gravatar.com\/avatar\/1b19a9031bd2ad4bf47c131b81bcd89b?s=96&r=g","caption":"Equipo Rosa Agustina"},"sameAs":["http:\/\/www.rosaagustina.cl"],"url":"https:\/\/www.rosaagustina.cl\/noticias\/author\/admin\/"}]}},"_links":{"self":[{"href":"https:\/\/www.rosaagustina.cl\/noticias\/wp-json\/wp\/v2\/posts\/349"}],"collection":[{"href":"https:\/\/www.rosaagustina.cl\/noticias\/wp-json\/wp\/v2\/posts"}],"about":[{"href":"https:\/\/www.rosaagustina.cl\/noticias\/wp-json\/wp\/v2\/types\/post"}],"author":[{"embeddable":true,"href":"https:\/\/www.rosaagustina.cl\/noticias\/wp-json\/wp\/v2\/users\/1"}],"replies":[{"embeddable":true,"href":"https:\/\/www.rosaagustina.cl\/noticias\/wp-json\/wp\/v2\/comments?post=349"}],"version-history":[{"count":0,"href":"https:\/\/www.rosaagustina.cl\/noticias\/wp-json\/wp\/v2\/posts\/349\/revisions"}],"wp:attachment":[{"href":"https:\/\/www.rosaagustina.cl\/noticias\/wp-json\/wp\/v2\/media?parent=349"}],"wp:term":[{"taxonomy":"category","embeddable":true,"href":"https:\/\/www.rosaagustina.cl\/noticias\/wp-json\/wp\/v2\/categories?post=349"},{"taxonomy":"post_tag","embeddable":true,"href":"https:\/\/www.rosaagustina.cl\/noticias\/wp-json\/wp\/v2\/tags?post=349"}],"curies":[{"name":"wp","href":"https:\/\/api.w.org\/{rel}","templated":true}]}}