{"id":4798,"date":"2019-06-11T17:16:12","date_gmt":"2019-06-11T20:16:12","guid":{"rendered":"http:\/\/www.rosaagustina.cl\/noticias\/?p=4798"},"modified":"2019-06-11T17:16:12","modified_gmt":"2019-06-11T20:16:12","slug":"dia-del-papa-2019-domingo-16-de-junio","status":"publish","type":"post","link":"https:\/\/www.rosaagustina.cl\/noticias\/dia-del-papa-2019-domingo-16-de-junio\/","title":{"rendered":"D\u00eda del Pap\u00e1 2019 &#8211; Domingo 16 de junio"},"content":{"rendered":"\n<h2 class=\"wp-block-heading\"><a href=\"http:\/\/www.rosaagustina.cl\/noticias\/wp-content\/uploads\/2017\/06\/Captura-de-pantalla-2017-06-12-a-las-11.03.52-a.m..png\"><\/a><\/h2>\n\n\n\n<figure class=\"wp-block-image\"><img loading=\"lazy\" decoding=\"async\" width=\"800\" height=\"591\" src=\"http:\/\/www.rosaagustina.cl\/noticias\/wp-content\/uploads\/2019\/06\/diadelpapa2019rosaagustina.jpg\" alt=\"\" class=\"wp-image-4799\" srcset=\"https:\/\/www.rosaagustina.cl\/noticias\/wp-content\/uploads\/2019\/06\/diadelpapa2019rosaagustina.jpg 800w, https:\/\/www.rosaagustina.cl\/noticias\/wp-content\/uploads\/2019\/06\/diadelpapa2019rosaagustina-680x502.jpg 680w, https:\/\/www.rosaagustina.cl\/noticias\/wp-content\/uploads\/2019\/06\/diadelpapa2019rosaagustina-768x567.jpg 768w\" sizes=\"(max-width: 800px) 100vw, 800px\" \/><\/figure>\n\n\n\n<p>Tenemos motivos para celebrar en grande el <strong>Fin de Semana del Pap\u00e1.<br \/><\/strong>Actividades especiales, buffet t\u00e9maticos y lo mejor de nuestros resorts para que el Rey de la casa tenga su esperado descanso.<\/p>\n\n\n\n<h2 class=\"wp-block-heading\">Tarifas Programas por el D\u00eda.<\/h2>\n\n\n\n<p><a href=\"http:\/\/www.rosaagustina.cl\/resort\/rosa-agustina-conference\/ofertas-por-el-dia\/\">25% de descuento en Tarifas en Rosa Agustina Conference Resort<\/a><\/p>\n\n\n\n<h2 class=\"wp-block-heading\">Actividades<\/h2>\n\n\n\n<p><a href=\"http:\/\/www.rosaagustina.cl\/actividades\/rosa-agustina-conference\/dia-del-papa\/\">Ver actividades D\u00eda del Pap\u00e1 en Rosa Agustina Conference Resort<\/a><\/p>\n\n\n\n<p>Comun\u00edcate ahora mismo con nuestras ejecutivas <a href=\"http:\/\/www.rosaagustina.cl\/contacto\">aqu\u00ed<\/a> y haz tu reserva v\u00eda Call Center al 332775700<\/p>\n","protected":false},"excerpt":{"rendered":"<p>Tenemos motivos para celebrar en grande el Fin de Semana del Pap\u00e1.Actividades especiales, buffet t\u00e9maticos y lo mejor de nuestros resorts para que el Rey de la casa tenga su esperado descanso. Tarifas Programas por el D\u00eda. 25% de descuento en Tarifas en Rosa Agustina Conference Resort Actividades Ver actividades D\u00eda del Pap\u00e1 en Rosa [&hellip;]<\/p>\n","protected":false},"author":1,"featured_media":0,"comment_status":"open","ping_status":"open","sticky":false,"template":"","format":"standard","meta":{"footnotes":""},"categories":[1],"tags":[393,392,282,281],"yoast_head":"<!-- This site is optimized with the Yoast SEO plugin v22.8 - https:\/\/yoast.com\/wordpress\/plugins\/seo\/ -->\n<title>D\u00eda del Pap\u00e1 2019 - Domingo 16 de junio - Noticias Rosa Agustina Resorts &amp; Spa<\/title>\n<meta name=\"robots\" content=\"index, follow, max-snippet:-1, max-image-preview:large, max-video-preview:-1\" \/>\n<link rel=\"canonical\" href=\"https:\/\/www.rosaagustina.cl\/noticias\/dia-del-papa-2019-domingo-16-de-junio\/\" \/>\n<meta property=\"og:locale\" content=\"en_US\" \/>\n<meta property=\"og:type\" content=\"article\" \/>\n<meta property=\"og:title\" content=\"D\u00eda del Pap\u00e1 2019 - Domingo 16 de junio - Noticias Rosa Agustina Resorts &amp; Spa\" \/>\n<meta property=\"og:description\" content=\"Tenemos motivos para celebrar en grande el Fin de Semana del Pap\u00e1.Actividades especiales, buffet t\u00e9maticos y lo mejor de nuestros resorts para que el Rey de la casa tenga su esperado descanso. Tarifas Programas por el D\u00eda. 25% de descuento en Tarifas en Rosa Agustina Conference Resort Actividades Ver actividades D\u00eda del Pap\u00e1 en Rosa [&hellip;]\" \/>\n<meta property=\"og:url\" content=\"https:\/\/www.rosaagustina.cl\/noticias\/dia-del-papa-2019-domingo-16-de-junio\/\" \/>\n<meta property=\"og:site_name\" content=\"Noticias Rosa Agustina Resorts &amp; Spa\" \/>\n<meta property=\"article:published_time\" content=\"2019-06-11T20:16:12+00:00\" \/>\n<meta property=\"og:image\" content=\"http:\/\/www.rosaagustina.cl\/noticias\/wp-content\/uploads\/2019\/06\/diadelpapa2019rosaagustina.jpg\" \/>\n<meta name=\"author\" content=\"Equipo Rosa Agustina\" \/>\n<meta name=\"twitter:card\" content=\"summary_large_image\" \/>\n<meta name=\"twitter:label1\" content=\"Written by\" \/>\n\t<meta name=\"twitter:data1\" content=\"Equipo Rosa Agustina\" \/>\n<script type=\"application\/ld+json\" class=\"yoast-schema-graph\">{\"@context\":\"https:\/\/schema.org\",\"@graph\":[{\"@type\":\"WebPage\",\"@id\":\"https:\/\/www.rosaagustina.cl\/noticias\/dia-del-papa-2019-domingo-16-de-junio\/\",\"url\":\"https:\/\/www.rosaagustina.cl\/noticias\/dia-del-papa-2019-domingo-16-de-junio\/\",\"name\":\"D\u00eda del Pap\u00e1 2019 - Domingo 16 de junio - Noticias Rosa Agustina Resorts &amp; Spa\",\"isPartOf\":{\"@id\":\"https:\/\/www.rosaagustina.cl\/noticias\/#website\"},\"primaryImageOfPage\":{\"@id\":\"https:\/\/www.rosaagustina.cl\/noticias\/dia-del-papa-2019-domingo-16-de-junio\/#primaryimage\"},\"image\":{\"@id\":\"https:\/\/www.rosaagustina.cl\/noticias\/dia-del-papa-2019-domingo-16-de-junio\/#primaryimage\"},\"thumbnailUrl\":\"http:\/\/www.rosaagustina.cl\/noticias\/wp-content\/uploads\/2019\/06\/diadelpapa2019rosaagustina.jpg\",\"datePublished\":\"2019-06-11T20:16:12+00:00\",\"dateModified\":\"2019-06-11T20:16:12+00:00\",\"author\":{\"@id\":\"https:\/\/www.rosaagustina.cl\/noticias\/#\/schema\/person\/1a20da8b2247969230d7aaa18cb48c8a\"},\"breadcrumb\":{\"@id\":\"https:\/\/www.rosaagustina.cl\/noticias\/dia-del-papa-2019-domingo-16-de-junio\/#breadcrumb\"},\"inLanguage\":\"en-US\",\"potentialAction\":[{\"@type\":\"ReadAction\",\"target\":[\"https:\/\/www.rosaagustina.cl\/noticias\/dia-del-papa-2019-domingo-16-de-junio\/\"]}]},{\"@type\":\"ImageObject\",\"inLanguage\":\"en-US\",\"@id\":\"https:\/\/www.rosaagustina.cl\/noticias\/dia-del-papa-2019-domingo-16-de-junio\/#primaryimage\",\"url\":\"https:\/\/www.rosaagustina.cl\/noticias\/wp-content\/uploads\/2019\/06\/diadelpapa2019rosaagustina.jpg\",\"contentUrl\":\"https:\/\/www.rosaagustina.cl\/noticias\/wp-content\/uploads\/2019\/06\/diadelpapa2019rosaagustina.jpg\",\"width\":800,\"height\":591},{\"@type\":\"BreadcrumbList\",\"@id\":\"https:\/\/www.rosaagustina.cl\/noticias\/dia-del-papa-2019-domingo-16-de-junio\/#breadcrumb\",\"itemListElement\":[{\"@type\":\"ListItem\",\"position\":1,\"name\":\"Home\",\"item\":\"https:\/\/www.rosaagustina.cl\/noticias\/\"},{\"@type\":\"ListItem\",\"position\":2,\"name\":\"D\u00eda del Pap\u00e1 2019 &#8211; Domingo 16 de junio\"}]},{\"@type\":\"WebSite\",\"@id\":\"https:\/\/www.rosaagustina.cl\/noticias\/#website\",\"url\":\"https:\/\/www.rosaagustina.cl\/noticias\/\",\"name\":\"Noticias Rosa Agustina Resorts &amp; Spa\",\"description\":\"Todas las promociones y noticias las podr\u00e1s encontrar aqu\u00ed\",\"potentialAction\":[{\"@type\":\"SearchAction\",\"target\":{\"@type\":\"EntryPoint\",\"urlTemplate\":\"https:\/\/www.rosaagustina.cl\/noticias\/?s={search_term_string}\"},\"query-input\":\"required name=search_term_string\"}],\"inLanguage\":\"en-US\"},{\"@type\":\"Person\",\"@id\":\"https:\/\/www.rosaagustina.cl\/noticias\/#\/schema\/person\/1a20da8b2247969230d7aaa18cb48c8a\",\"name\":\"Equipo Rosa Agustina\",\"image\":{\"@type\":\"ImageObject\",\"inLanguage\":\"en-US\",\"@id\":\"https:\/\/www.rosaagustina.cl\/noticias\/#\/schema\/person\/image\/\",\"url\":\"https:\/\/secure.gravatar.com\/avatar\/1b19a9031bd2ad4bf47c131b81bcd89b?s=96&r=g\",\"contentUrl\":\"https:\/\/secure.gravatar.com\/avatar\/1b19a9031bd2ad4bf47c131b81bcd89b?s=96&r=g\",\"caption\":\"Equipo Rosa Agustina\"},\"sameAs\":[\"http:\/\/www.rosaagustina.cl\"],\"url\":\"https:\/\/www.rosaagustina.cl\/noticias\/author\/admin\/\"}]}<\/script>\n<!-- \/ Yoast SEO plugin. -->","yoast_head_json":{"title":"D\u00eda del Pap\u00e1 2019 - Domingo 16 de junio - Noticias Rosa Agustina Resorts &amp; Spa","robots":{"index":"index","follow":"follow","max-snippet":"max-snippet:-1","max-image-preview":"max-image-preview:large","max-video-preview":"max-video-preview:-1"},"canonical":"https:\/\/www.rosaagustina.cl\/noticias\/dia-del-papa-2019-domingo-16-de-junio\/","og_locale":"en_US","og_type":"article","og_title":"D\u00eda del Pap\u00e1 2019 - Domingo 16 de junio - Noticias Rosa Agustina Resorts &amp; Spa","og_description":"Tenemos motivos para celebrar en grande el Fin de Semana del Pap\u00e1.Actividades especiales, buffet t\u00e9maticos y lo mejor de nuestros resorts para que el Rey de la casa tenga su esperado descanso. Tarifas Programas por el D\u00eda. 25% de descuento en Tarifas en Rosa Agustina Conference Resort Actividades Ver actividades D\u00eda del Pap\u00e1 en Rosa [&hellip;]","og_url":"https:\/\/www.rosaagustina.cl\/noticias\/dia-del-papa-2019-domingo-16-de-junio\/","og_site_name":"Noticias Rosa Agustina Resorts &amp; Spa","article_published_time":"2019-06-11T20:16:12+00:00","og_image":[{"url":"http:\/\/www.rosaagustina.cl\/noticias\/wp-content\/uploads\/2019\/06\/diadelpapa2019rosaagustina.jpg"}],"author":"Equipo Rosa Agustina","twitter_card":"summary_large_image","twitter_misc":{"Written by":"Equipo Rosa Agustina"},"schema":{"@context":"https:\/\/schema.org","@graph":[{"@type":"WebPage","@id":"https:\/\/www.rosaagustina.cl\/noticias\/dia-del-papa-2019-domingo-16-de-junio\/","url":"https:\/\/www.rosaagustina.cl\/noticias\/dia-del-papa-2019-domingo-16-de-junio\/","name":"D\u00eda del Pap\u00e1 2019 - Domingo 16 de junio - Noticias Rosa Agustina Resorts &amp; Spa","isPartOf":{"@id":"https:\/\/www.rosaagustina.cl\/noticias\/#website"},"primaryImageOfPage":{"@id":"https:\/\/www.rosaagustina.cl\/noticias\/dia-del-papa-2019-domingo-16-de-junio\/#primaryimage"},"image":{"@id":"https:\/\/www.rosaagustina.cl\/noticias\/dia-del-papa-2019-domingo-16-de-junio\/#primaryimage"},"thumbnailUrl":"http:\/\/www.rosaagustina.cl\/noticias\/wp-content\/uploads\/2019\/06\/diadelpapa2019rosaagustina.jpg","datePublished":"2019-06-11T20:16:12+00:00","dateModified":"2019-06-11T20:16:12+00:00","author":{"@id":"https:\/\/www.rosaagustina.cl\/noticias\/#\/schema\/person\/1a20da8b2247969230d7aaa18cb48c8a"},"breadcrumb":{"@id":"https:\/\/www.rosaagustina.cl\/noticias\/dia-del-papa-2019-domingo-16-de-junio\/#breadcrumb"},"inLanguage":"en-US","potentialAction":[{"@type":"ReadAction","target":["https:\/\/www.rosaagustina.cl\/noticias\/dia-del-papa-2019-domingo-16-de-junio\/"]}]},{"@type":"ImageObject","inLanguage":"en-US","@id":"https:\/\/www.rosaagustina.cl\/noticias\/dia-del-papa-2019-domingo-16-de-junio\/#primaryimage","url":"https:\/\/www.rosaagustina.cl\/noticias\/wp-content\/uploads\/2019\/06\/diadelpapa2019rosaagustina.jpg","contentUrl":"https:\/\/www.rosaagustina.cl\/noticias\/wp-content\/uploads\/2019\/06\/diadelpapa2019rosaagustina.jpg","width":800,"height":591},{"@type":"BreadcrumbList","@id":"https:\/\/www.rosaagustina.cl\/noticias\/dia-del-papa-2019-domingo-16-de-junio\/#breadcrumb","itemListElement":[{"@type":"ListItem","position":1,"name":"Home","item":"https:\/\/www.rosaagustina.cl\/noticias\/"},{"@type":"ListItem","position":2,"name":"D\u00eda del Pap\u00e1 2019 &#8211; Domingo 16 de junio"}]},{"@type":"WebSite","@id":"https:\/\/www.rosaagustina.cl\/noticias\/#website","url":"https:\/\/www.rosaagustina.cl\/noticias\/","name":"Noticias Rosa Agustina Resorts &amp; Spa","description":"Todas las promociones y noticias las podr\u00e1s encontrar aqu\u00ed","potentialAction":[{"@type":"SearchAction","target":{"@type":"EntryPoint","urlTemplate":"https:\/\/www.rosaagustina.cl\/noticias\/?s={search_term_string}"},"query-input":"required name=search_term_string"}],"inLanguage":"en-US"},{"@type":"Person","@id":"https:\/\/www.rosaagustina.cl\/noticias\/#\/schema\/person\/1a20da8b2247969230d7aaa18cb48c8a","name":"Equipo Rosa Agustina","image":{"@type":"ImageObject","inLanguage":"en-US","@id":"https:\/\/www.rosaagustina.cl\/noticias\/#\/schema\/person\/image\/","url":"https:\/\/secure.gravatar.com\/avatar\/1b19a9031bd2ad4bf47c131b81bcd89b?s=96&r=g","contentUrl":"https:\/\/secure.gravatar.com\/avatar\/1b19a9031bd2ad4bf47c131b81bcd89b?s=96&r=g","caption":"Equipo Rosa Agustina"},"sameAs":["http:\/\/www.rosaagustina.cl"],"url":"https:\/\/www.rosaagustina.cl\/noticias\/author\/admin\/"}]}},"_links":{"self":[{"href":"https:\/\/www.rosaagustina.cl\/noticias\/wp-json\/wp\/v2\/posts\/4798"}],"collection":[{"href":"https:\/\/www.rosaagustina.cl\/noticias\/wp-json\/wp\/v2\/posts"}],"about":[{"href":"https:\/\/www.rosaagustina.cl\/noticias\/wp-json\/wp\/v2\/types\/post"}],"author":[{"embeddable":true,"href":"https:\/\/www.rosaagustina.cl\/noticias\/wp-json\/wp\/v2\/users\/1"}],"replies":[{"embeddable":true,"href":"https:\/\/www.rosaagustina.cl\/noticias\/wp-json\/wp\/v2\/comments?post=4798"}],"version-history":[{"count":0,"href":"https:\/\/www.rosaagustina.cl\/noticias\/wp-json\/wp\/v2\/posts\/4798\/revisions"}],"wp:attachment":[{"href":"https:\/\/www.rosaagustina.cl\/noticias\/wp-json\/wp\/v2\/media?parent=4798"}],"wp:term":[{"taxonomy":"category","embeddable":true,"href":"https:\/\/www.rosaagustina.cl\/noticias\/wp-json\/wp\/v2\/categories?post=4798"},{"taxonomy":"post_tag","embeddable":true,"href":"https:\/\/www.rosaagustina.cl\/noticias\/wp-json\/wp\/v2\/tags?post=4798"}],"curies":[{"name":"wp","href":"https:\/\/api.w.org\/{rel}","templated":true}]}}