{"id":4821,"date":"2019-08-05T17:44:17","date_gmt":"2019-08-05T20:44:17","guid":{"rendered":"http:\/\/www.rosaagustina.cl\/noticias\/?p=4821"},"modified":"2019-09-09T15:30:36","modified_gmt":"2019-09-09T18:30:36","slug":"fiestas-patrias-2019","status":"publish","type":"post","link":"https:\/\/www.rosaagustina.cl\/noticias\/fiestas-patrias-2019\/","title":{"rendered":"Fiestas Patrias 2019"},"content":{"rendered":"\n<figure class=\"wp-block-image\"><img loading=\"lazy\" decoding=\"async\" width=\"1024\" height=\"576\" src=\"http:\/\/www.rosaagustina.cl\/noticias\/wp-content\/uploads\/2019\/08\/fiestaspatrias2019-1024x576.jpg\" alt=\"\" class=\"wp-image-4838\" srcset=\"https:\/\/www.rosaagustina.cl\/noticias\/wp-content\/uploads\/2019\/08\/fiestaspatrias2019-1024x576.jpg 1024w, https:\/\/www.rosaagustina.cl\/noticias\/wp-content\/uploads\/2019\/08\/fiestaspatrias2019-680x383.jpg 680w, https:\/\/www.rosaagustina.cl\/noticias\/wp-content\/uploads\/2019\/08\/fiestaspatrias2019-768x432.jpg 768w, https:\/\/www.rosaagustina.cl\/noticias\/wp-content\/uploads\/2019\/08\/fiestaspatrias2019.jpg 1920w\" sizes=\"(max-width: 1024px) 100vw, 1024px\" \/><\/figure>\n\n\n\n<div class=\"wp-block-image\"><figure class=\"aligncenter is-resized\"><img loading=\"lazy\" decoding=\"async\" src=\"http:\/\/www.rosaagustina.cl\/noticias\/wp-content\/uploads\/2019\/09\/1.jpg\" alt=\"\" class=\"wp-image-4852\" width=\"800\" height=\"737\"\/><\/figure><\/div>\n\n\n<div class=\"room_list mt20\" style=\"background: #980303; padding: 20px!important;\">\n<div class=\"alert alert-success alert-dismissible\"><strong>IMPORTANTE<\/strong><br \/>\u00daltimas habitaciones disponibles para los d\u00edas 17, 18 y 19 de septiembre &#8211; Para consultas llamar al Call Center 332775700<\/div>\n<h1 style=\"color: #fff!important;\">Especial Fiestas Patrias 2019 | Reservas online<\/h1>\n<h3 style=\"color: #fff!important;\">Programas de 1 noche de alojamiento<\/h3>\n<article class=\"room_list mt20\" style=\"border: 0px!important; margin-bottom: 20px!important;\">\n<div class=\"row row\">\n<div class=\"col-lg-4 col-md-5 col-sm-12 pt10 relative\">\n<figure><img decoding=\"async\" class=\"img-responsive\" src=\"http:\/\/www.rosaagustina.cl\/images\/fondo-fiestaspatrias2019.jpg\" alt=\"Image\"\/><\/figure>\n<\/div>\n<div class=\"col-lg-8 col-md-7 col-sm-12 col-xs-12\">\n<div class=\"room_details row-flex\">\n<div class=\"col-md-8 col-sm-8 col-xs-12 room_desc\">\n<h4>1 Noche All Inclusive<br \/><b>Desde el 13 al 14 de septiembre de 2019<\/b><\/h4>\n<ul class=\"list-unstyled small2\">\n<li>Desde el 13 al 14 de septiembre de 2019<\/li>\n<li>All Inclusive<\/li>\n<li>4 servicios de alimentaci\u00f3n por cada noche<\/li>\n<li>Programa especial de actividades Fiestas Patrias<\/li>\n<\/ul>\n<\/div>\n<div class=\"col-md-4 col-sm-4 col-s-12 col-xs-12 room_price\">\n<div class=\"room_price_inner\"><a class=\"button  btn_yellow btn_full upper\" href=\"http:\/\/reservas.rosaagustina.cl\/cotizacionpr.aspx?pe=PE2019S70\">Cotizar<\/a><\/div>\n<\/div>\n<\/div>\n<\/div>\n<\/div>\n<\/article>\n<article class=\"room_list mt20\" style=\"border: 0px!important; margin-bottom: 20px!important;\">\n<div class=\"row row\">\n<div class=\"col-lg-4 col-md-5 col-sm-12 pt10 relative\">\n<figure><img decoding=\"async\" class=\"img-responsive\" src=\"http:\/\/www.rosaagustina.cl\/images\/fondo-fiestaspatrias2019.jpg\" alt=\"Image\"\/><\/figure>\n<\/div>\n<div class=\"col-lg-8 col-md-7 col-sm-12 col-xs-12\">\n<div class=\"room_details row-flex\">\n<div class=\"col-md-8 col-sm-8 col-xs-12 room_desc\">\n<h4>1 Noche All Inclusive<br \/><b>Desde el 15 al 16 de septiembre de 2019<\/b><\/h4>\n<ul class=\"list-unstyled small2\">\n<li>Desde el 15 al 16 de septiembre de 2019<\/li>\n<li>All Inclusive<\/li>\n<li>4 servicios de alimentaci\u00f3n por cada noche<\/li>\n<li>Programa especial de actividades Fiestas Patrias<\/li>\n<\/ul>\n<\/div>\n<div class=\"col-md-4 col-sm-4 col-s-12 col-xs-12 room_price\">\n<div class=\"room_price_inner\"><a class=\"button  btn_yellow btn_full upper\" href=\"http:\/\/reservas.rosaagustina.cl\/cotizacionpr.aspx?pe=PE2019S65\">Cotizar<\/a><\/div>\n<\/div>\n<\/div>\n<\/div>\n<\/div>\n<\/article>\n<article class=\"room_list mt20\" style=\"border: 0px!important; margin-bottom: 20px!important;\">\n<div class=\"row row\">\n<div class=\"col-lg-4 col-md-5 col-sm-12 pt10 relative\">\n<figure><img decoding=\"async\" class=\"img-responsive\" src=\"http:\/\/www.rosaagustina.cl\/images\/fondo-fiestaspatrias2019.jpg\" alt=\"Image\"\/><\/figure>\n<\/div>\n<div class=\"col-lg-8 col-md-7 col-sm-12 col-xs-12\">\n<div class=\"room_details row-flex\">\n<div class=\"col-md-8 col-sm-8 col-xs-12 room_desc\">\n<h4>1 Noche All Inclusive<br \/><b>Desde el 16 al 17 de septiembre de 2019<\/b><\/h4>\n<ul class=\"list-unstyled small2\">\n<li>Desde el 16 al 17 de septiembre de 2019<\/li>\n<li>All Inclusive<\/li>\n<li>4 servicios de alimentaci\u00f3n por cada noche<\/li>\n<li>Programa especial de actividades Fiestas Patrias<\/li>\n<\/ul>\n<\/div>\n<div class=\"col-md-4 col-sm-4 col-s-12 col-xs-12 room_price\">\n<div class=\"room_price_inner\"><a class=\"button  btn_yellow btn_full upper\" href=\"http:\/\/reservas.rosaagustina.cl\/cotizacionpr.aspx?pe=PE2019SE38\">Cotizar<\/a><\/div>\n<\/div>\n<\/div>\n<\/div>\n<\/div>\n<\/article>\n<article class=\"room_list mt20\" style=\"border: 0px!important; margin-bottom: 20px!important;\">\n<div class=\"row row\">\n<div class=\"col-lg-4 col-md-5 col-sm-12 pt10 relative\">\n<figure><img decoding=\"async\" class=\"img-responsive\" src=\"http:\/\/www.rosaagustina.cl\/images\/fondo-fiestaspatrias2019.jpg\" alt=\"Image\"\/><\/figure>\n<\/div>\n<div class=\"col-lg-8 col-md-7 col-sm-12 col-xs-12\">\n<div class=\"room_details row-flex\">\n<div class=\"col-md-8 col-sm-8 col-xs-12 room_desc\">\n<h4>1 Noche All Inclusive<br \/><b>Desde el 17 al 18 de septiembre de 2019<\/b><\/h4>\n<ul class=\"list-unstyled small2\">\n<li>Desde el 17 al 18 de septiembre de 2019<\/li>\n<li>All Inclusive<\/li>\n<li>4 servicios de alimentaci\u00f3n por cada noche<\/li>\n<li>Programa especial de actividades Fiestas Patrias<\/li>\n<\/ul>\n<\/div>\n<div class=\"col-md-4 col-sm-4 col-s-12 col-xs-12 room_price\">\n<div class=\"room_price_inner\"><a class=\"button  btn_yellow btn_full upper\" href=\"http:\/\/reservas.rosaagustina.cl\/cotizacionpr.aspx?pe=PE2019SE39\">Cotizar<\/a><\/div>\n<\/div>\n<\/div>\n<\/div>\n<\/div>\n<\/article>\n<h3 style=\"color: #fff!important;\">Programas de <b>3 noches<\/b> de alojamiento<\/h3>\n<article class=\"room_list mt20\" style=\"border: 0px!important; margin-bottom: 20px!important;\">\n<div class=\"row row\">\n<div class=\"col-lg-4 col-md-5 col-sm-12 pt10 relative\">\n<figure><img decoding=\"async\" class=\"img-responsive\" src=\"http:\/\/www.rosaagustina.cl\/images\/fondo-fiestaspatrias2019.jpg\" alt=\"Image\"\/><\/figure>\n<\/div>\n<div class=\"col-lg-8 col-md-7 col-sm-12 col-xs-12\">\n<div class=\"room_details row-flex\">\n<div class=\"col-md-8 col-sm-8 col-xs-12 room_desc\">\n<h4>3 Noches All Inclusive<br \/><b>Desde el 15 al 18 de septiembre de 2019<\/b><\/h4>\n<ul class=\"list-unstyled small2\">\n<li>Desde el 15 al 18 de septiembre de 2019<\/li>\n<li>All Inclusive<\/li>\n<li>4 servicios de alimentaci\u00f3n por cada noche<\/li>\n<li>Programa especial de actividades Fiestas Patrias<\/li>\n<\/ul>\n<\/div>\n<div class=\"col-md-4 col-sm-4 col-s-12 col-xs-12 room_price\">\n<div class=\"room_price_inner\"><a class=\"button  btn_yellow btn_full upper\" href=\"http:\/\/reservas.rosaagustina.cl\/cotizacionpr.aspx?pe=PE2019S68\">Cotizar<\/a><\/div>\n<\/div>\n<\/div>\n<\/div>\n<\/div>\n<\/article>\n<\/div>\n<div class=\"su-divider su-divider-style-default\" style=\"margin:15px 0;border-width:1px;border-color:#999999\"><\/div>\n\n\n<h1 class=\"wp-block-heading\">Tarifas Programas por el D\u00eda.<\/h1>\n\n\n\n<p><a href=\"http:\/\/www.rosaagustina.cl\/resort\/rosa-agustina-conference\/ofertas-por-el-dia\/\">25% de descuento en Tarifas en Rosa Agustina Conference Resort<\/a><\/p>\n\n\n\n<p><a href=\"http:\/\/www.rosaagustina.cl\/resort\/rosa-agustina-club\/ofertas-por-el-dia\/\">50% de descuento en Tarifas en Rosa Agustina Club Resort<\/a><\/p>\n\n\n<div class=\"su-divider su-divider-style-default\" style=\"margin:15px 0;border-width:1px;border-color:#999999\"><\/div>\n<p>Vive las mejores fiestas patrias en Rosa Agustina Club y Rosa Agustina Conference Resort y disfruta de entretenidas actividades y juegos criollos , talleres, clases de cueca, asados con Cordero al Palo, degustaciones de vino, m\u00e1s de 12 horas continuas de entretenci\u00f3n para los m\u00e1s peque\u00f1os, actividades familiares y una gran Ramada con Orquesta en Vivo los d\u00edas s\u00e1bado 14, mi\u00e9rcoles 18 y s\u00e1bado 21 de septiembre!<\/p>\n<p><img loading=\"lazy\" decoding=\"async\" class=\" wp-image-4854 alignnone\" src=\"http:\/\/www.rosaagustina.cl\/noticias\/wp-content\/uploads\/2019\/09\/2.jpg\" alt=\"\" width=\"800\" height=\"800\" srcset=\"https:\/\/www.rosaagustina.cl\/noticias\/wp-content\/uploads\/2019\/09\/2.jpg 649w, https:\/\/www.rosaagustina.cl\/noticias\/wp-content\/uploads\/2019\/09\/2-100x100.jpg 100w\" sizes=\"(max-width: 800px) 100vw, 800px\" \/>&nbsp;<\/p>\n<p><iframe loading=\"lazy\" src=\"https:\/\/www.youtube.com\/embed\/ZPTUfGzrHow\" allowfullscreen=\"allowfullscreen\" width=\"738\" height=\"415\" frameborder=\"0\"><\/iframe><\/p>\n<p><img loading=\"lazy\" decoding=\"async\" class=\"wp-image-4855 aligncenter\" src=\"http:\/\/www.rosaagustina.cl\/noticias\/wp-content\/uploads\/2019\/08\/3.jpg\" alt=\"\" width=\"800\" height=\"800\" srcset=\"https:\/\/www.rosaagustina.cl\/noticias\/wp-content\/uploads\/2019\/08\/3.jpg 650w, https:\/\/www.rosaagustina.cl\/noticias\/wp-content\/uploads\/2019\/08\/3-100x100.jpg 100w\" sizes=\"(max-width: 800px) 100vw, 800px\" \/><\/p>\n<p><\/p>\n<h2>Actividades<\/h2>\n<p>Divi\u00e9rtase con las sorpresas que tendremos junto a nuestro equipo de animaci\u00f3n e2eventos, con grandes actividades para grandes y peque\u00f1os.<\/p>\n<p><a href=\"http:\/\/www.rosaagustina.cl\/actividades\/rosa-agustina-club\/fiestas-patrias\/\" rel=\"shadowbox;height=500;width=900\">Ver actividades Rosa Agustina Club Resort<\/a><\/p>\n<p><a href=\"http:\/\/www.rosaagustina.cl\/actividades\/rosa-agustina-conference\/fiestas-patrias\/\" rel=\"shadowbox;height=500;width=900\">Ver actividades Rosa Agustina Conference Resort<\/a><\/p>\n<h2>Actividades destacadas<\/h2>\n<div id=\"su_slider_69efafaf89f09\" class=\"su-slider su-slider-centered su-slider-pages-yes su-slider-responsive-yes\" style=\"width:100%\" data-autoplay=\"2000\" data-speed=\"600\" data-mousewheel=\"true\"><div class=\"su-slider-slides\"><div class=\"su-slider-slide\"><a><img decoding=\"async\" src=\"https:\/\/www.rosaagustina.cl\/noticias\/wp-content\/uploads\/2018\/08\/bafovi-1600x840.jpg\" alt=\"bafovi\" \/><span class=\"su-slider-slide-title\">bafovi<\/span><\/a><\/div><div class=\"su-slider-slide\"><a><img decoding=\"async\" src=\"https:\/\/www.rosaagustina.cl\/noticias\/wp-content\/uploads\/2018\/08\/asado-cordero-1600x840.jpg\" alt=\"asado-cordero\" \/><span class=\"su-slider-slide-title\">asado-cordero<\/span><\/a><\/div><div class=\"su-slider-slide\"><a><img decoding=\"async\" src=\"https:\/\/www.rosaagustina.cl\/noticias\/wp-content\/uploads\/2018\/08\/campeonato-de-cueca-1600x840.jpg\" alt=\"campeonato-de-cueca\" \/><span class=\"su-slider-slide-title\">campeonato-de-cueca<\/span><\/a><\/div><div class=\"su-slider-slide\"><a><img decoding=\"async\" src=\"https:\/\/www.rosaagustina.cl\/noticias\/wp-content\/uploads\/2018\/08\/tarde-criolla-1600x840.jpg\" alt=\"tarde-criolla\" \/><span class=\"su-slider-slide-title\">tarde-criolla<\/span><\/a><\/div><div class=\"su-slider-slide\"><a><img decoding=\"async\" src=\"https:\/\/www.rosaagustina.cl\/noticias\/wp-content\/uploads\/2018\/08\/clases-de-cueca-1600x840.jpg\" alt=\"clases-de-cueca\" \/><span class=\"su-slider-slide-title\">clases-de-cueca<\/span><\/a><\/div><div class=\"su-slider-slide\"><a><img decoding=\"async\" src=\"https:\/\/www.rosaagustina.cl\/noticias\/wp-content\/uploads\/2018\/08\/banda-en-vivo-1600x840.jpg\" alt=\"banda-en-vivo\" \/><span class=\"su-slider-slide-title\">banda-en-vivo<\/span><\/a><\/div><\/div><div class=\"su-slider-nav\"><div class=\"su-slider-direction\"><span class=\"su-slider-prev\"><\/span><span class=\"su-slider-next\"><\/span><\/div><div class=\"su-slider-pagination\"><\/div><\/div><\/div>\n<div class=\"su-divider su-divider-style-default\" style=\"margin:15px 0;border-width:1px;border-color:#999999\"><\/div>","protected":false},"excerpt":{"rendered":"<p>IMPORTANTE\u00daltimas habitaciones disponibles para los d\u00edas 17, 18 y 19 de septiembre &#8211; Para consultas llamar al Call Center 332775700 Especial Fiestas Patrias 2019 | Reservas online Programas de 1 noche de alojamiento 1 Noche All InclusiveDesde el 13 al 14 de septiembre de 2019 Desde el 13 al 14 de septiembre de 2019 All [&hellip;]<\/p>\n","protected":false},"author":1,"featured_media":0,"comment_status":"open","ping_status":"open","sticky":false,"template":"","format":"standard","meta":{"footnotes":""},"categories":[1],"tags":[],"yoast_head":"<!-- This site is optimized with the Yoast SEO plugin v22.8 - https:\/\/yoast.com\/wordpress\/plugins\/seo\/ -->\n<title>Fiestas Patrias 2019 - Noticias Rosa Agustina Resorts &amp; Spa<\/title>\n<meta name=\"robots\" content=\"index, follow, max-snippet:-1, max-image-preview:large, max-video-preview:-1\" \/>\n<link rel=\"canonical\" href=\"https:\/\/www.rosaagustina.cl\/noticias\/fiestas-patrias-2019\/\" \/>\n<meta property=\"og:locale\" content=\"en_US\" \/>\n<meta property=\"og:type\" content=\"article\" \/>\n<meta property=\"og:title\" content=\"Fiestas Patrias 2019 - Noticias Rosa Agustina Resorts &amp; Spa\" \/>\n<meta property=\"og:description\" content=\"IMPORTANTE\u00daltimas habitaciones disponibles para los d\u00edas 17, 18 y 19 de septiembre &#8211; Para consultas llamar al Call Center 332775700 Especial Fiestas Patrias 2019 | Reservas online Programas de 1 noche de alojamiento 1 Noche All InclusiveDesde el 13 al 14 de septiembre de 2019 Desde el 13 al 14 de septiembre de 2019 All [&hellip;]\" \/>\n<meta property=\"og:url\" content=\"https:\/\/www.rosaagustina.cl\/noticias\/fiestas-patrias-2019\/\" \/>\n<meta property=\"og:site_name\" content=\"Noticias Rosa Agustina Resorts &amp; Spa\" \/>\n<meta property=\"article:published_time\" content=\"2019-08-05T20:44:17+00:00\" \/>\n<meta property=\"article:modified_time\" content=\"2019-09-09T18:30:36+00:00\" \/>\n<meta property=\"og:image\" content=\"http:\/\/www.rosaagustina.cl\/noticias\/wp-content\/uploads\/2019\/08\/fiestaspatrias2019-1024x576.jpg\" \/>\n<meta name=\"author\" content=\"Equipo Rosa Agustina\" \/>\n<meta name=\"twitter:card\" content=\"summary_large_image\" \/>\n<meta name=\"twitter:label1\" content=\"Written by\" \/>\n\t<meta name=\"twitter:data1\" content=\"Equipo Rosa Agustina\" \/>\n\t<meta name=\"twitter:label2\" content=\"Est. reading time\" \/>\n\t<meta name=\"twitter:data2\" content=\"2 minutes\" \/>\n<script type=\"application\/ld+json\" class=\"yoast-schema-graph\">{\"@context\":\"https:\/\/schema.org\",\"@graph\":[{\"@type\":\"WebPage\",\"@id\":\"https:\/\/www.rosaagustina.cl\/noticias\/fiestas-patrias-2019\/\",\"url\":\"https:\/\/www.rosaagustina.cl\/noticias\/fiestas-patrias-2019\/\",\"name\":\"Fiestas Patrias 2019 - Noticias Rosa Agustina Resorts &amp; Spa\",\"isPartOf\":{\"@id\":\"https:\/\/www.rosaagustina.cl\/noticias\/#website\"},\"primaryImageOfPage\":{\"@id\":\"https:\/\/www.rosaagustina.cl\/noticias\/fiestas-patrias-2019\/#primaryimage\"},\"image\":{\"@id\":\"https:\/\/www.rosaagustina.cl\/noticias\/fiestas-patrias-2019\/#primaryimage\"},\"thumbnailUrl\":\"http:\/\/www.rosaagustina.cl\/noticias\/wp-content\/uploads\/2019\/08\/fiestaspatrias2019-1024x576.jpg\",\"datePublished\":\"2019-08-05T20:44:17+00:00\",\"dateModified\":\"2019-09-09T18:30:36+00:00\",\"author\":{\"@id\":\"https:\/\/www.rosaagustina.cl\/noticias\/#\/schema\/person\/1a20da8b2247969230d7aaa18cb48c8a\"},\"breadcrumb\":{\"@id\":\"https:\/\/www.rosaagustina.cl\/noticias\/fiestas-patrias-2019\/#breadcrumb\"},\"inLanguage\":\"en-US\",\"potentialAction\":[{\"@type\":\"ReadAction\",\"target\":[\"https:\/\/www.rosaagustina.cl\/noticias\/fiestas-patrias-2019\/\"]}]},{\"@type\":\"ImageObject\",\"inLanguage\":\"en-US\",\"@id\":\"https:\/\/www.rosaagustina.cl\/noticias\/fiestas-patrias-2019\/#primaryimage\",\"url\":\"https:\/\/www.rosaagustina.cl\/noticias\/wp-content\/uploads\/2019\/08\/fiestaspatrias2019.jpg\",\"contentUrl\":\"https:\/\/www.rosaagustina.cl\/noticias\/wp-content\/uploads\/2019\/08\/fiestaspatrias2019.jpg\",\"width\":1920,\"height\":1080},{\"@type\":\"BreadcrumbList\",\"@id\":\"https:\/\/www.rosaagustina.cl\/noticias\/fiestas-patrias-2019\/#breadcrumb\",\"itemListElement\":[{\"@type\":\"ListItem\",\"position\":1,\"name\":\"Home\",\"item\":\"https:\/\/www.rosaagustina.cl\/noticias\/\"},{\"@type\":\"ListItem\",\"position\":2,\"name\":\"Fiestas Patrias 2019\"}]},{\"@type\":\"WebSite\",\"@id\":\"https:\/\/www.rosaagustina.cl\/noticias\/#website\",\"url\":\"https:\/\/www.rosaagustina.cl\/noticias\/\",\"name\":\"Noticias Rosa Agustina Resorts &amp; Spa\",\"description\":\"Todas las promociones y noticias las podr\u00e1s encontrar aqu\u00ed\",\"potentialAction\":[{\"@type\":\"SearchAction\",\"target\":{\"@type\":\"EntryPoint\",\"urlTemplate\":\"https:\/\/www.rosaagustina.cl\/noticias\/?s={search_term_string}\"},\"query-input\":\"required name=search_term_string\"}],\"inLanguage\":\"en-US\"},{\"@type\":\"Person\",\"@id\":\"https:\/\/www.rosaagustina.cl\/noticias\/#\/schema\/person\/1a20da8b2247969230d7aaa18cb48c8a\",\"name\":\"Equipo Rosa Agustina\",\"image\":{\"@type\":\"ImageObject\",\"inLanguage\":\"en-US\",\"@id\":\"https:\/\/www.rosaagustina.cl\/noticias\/#\/schema\/person\/image\/\",\"url\":\"https:\/\/secure.gravatar.com\/avatar\/1b19a9031bd2ad4bf47c131b81bcd89b?s=96&r=g\",\"contentUrl\":\"https:\/\/secure.gravatar.com\/avatar\/1b19a9031bd2ad4bf47c131b81bcd89b?s=96&r=g\",\"caption\":\"Equipo Rosa Agustina\"},\"sameAs\":[\"http:\/\/www.rosaagustina.cl\"],\"url\":\"https:\/\/www.rosaagustina.cl\/noticias\/author\/admin\/\"}]}<\/script>\n<!-- \/ Yoast SEO plugin. -->","yoast_head_json":{"title":"Fiestas Patrias 2019 - Noticias Rosa Agustina Resorts &amp; Spa","robots":{"index":"index","follow":"follow","max-snippet":"max-snippet:-1","max-image-preview":"max-image-preview:large","max-video-preview":"max-video-preview:-1"},"canonical":"https:\/\/www.rosaagustina.cl\/noticias\/fiestas-patrias-2019\/","og_locale":"en_US","og_type":"article","og_title":"Fiestas Patrias 2019 - Noticias Rosa Agustina Resorts &amp; Spa","og_description":"IMPORTANTE\u00daltimas habitaciones disponibles para los d\u00edas 17, 18 y 19 de septiembre &#8211; Para consultas llamar al Call Center 332775700 Especial Fiestas Patrias 2019 | Reservas online Programas de 1 noche de alojamiento 1 Noche All InclusiveDesde el 13 al 14 de septiembre de 2019 Desde el 13 al 14 de septiembre de 2019 All [&hellip;]","og_url":"https:\/\/www.rosaagustina.cl\/noticias\/fiestas-patrias-2019\/","og_site_name":"Noticias Rosa Agustina Resorts &amp; Spa","article_published_time":"2019-08-05T20:44:17+00:00","article_modified_time":"2019-09-09T18:30:36+00:00","og_image":[{"url":"http:\/\/www.rosaagustina.cl\/noticias\/wp-content\/uploads\/2019\/08\/fiestaspatrias2019-1024x576.jpg"}],"author":"Equipo Rosa Agustina","twitter_card":"summary_large_image","twitter_misc":{"Written by":"Equipo Rosa Agustina","Est. reading time":"2 minutes"},"schema":{"@context":"https:\/\/schema.org","@graph":[{"@type":"WebPage","@id":"https:\/\/www.rosaagustina.cl\/noticias\/fiestas-patrias-2019\/","url":"https:\/\/www.rosaagustina.cl\/noticias\/fiestas-patrias-2019\/","name":"Fiestas Patrias 2019 - Noticias Rosa Agustina Resorts &amp; Spa","isPartOf":{"@id":"https:\/\/www.rosaagustina.cl\/noticias\/#website"},"primaryImageOfPage":{"@id":"https:\/\/www.rosaagustina.cl\/noticias\/fiestas-patrias-2019\/#primaryimage"},"image":{"@id":"https:\/\/www.rosaagustina.cl\/noticias\/fiestas-patrias-2019\/#primaryimage"},"thumbnailUrl":"http:\/\/www.rosaagustina.cl\/noticias\/wp-content\/uploads\/2019\/08\/fiestaspatrias2019-1024x576.jpg","datePublished":"2019-08-05T20:44:17+00:00","dateModified":"2019-09-09T18:30:36+00:00","author":{"@id":"https:\/\/www.rosaagustina.cl\/noticias\/#\/schema\/person\/1a20da8b2247969230d7aaa18cb48c8a"},"breadcrumb":{"@id":"https:\/\/www.rosaagustina.cl\/noticias\/fiestas-patrias-2019\/#breadcrumb"},"inLanguage":"en-US","potentialAction":[{"@type":"ReadAction","target":["https:\/\/www.rosaagustina.cl\/noticias\/fiestas-patrias-2019\/"]}]},{"@type":"ImageObject","inLanguage":"en-US","@id":"https:\/\/www.rosaagustina.cl\/noticias\/fiestas-patrias-2019\/#primaryimage","url":"https:\/\/www.rosaagustina.cl\/noticias\/wp-content\/uploads\/2019\/08\/fiestaspatrias2019.jpg","contentUrl":"https:\/\/www.rosaagustina.cl\/noticias\/wp-content\/uploads\/2019\/08\/fiestaspatrias2019.jpg","width":1920,"height":1080},{"@type":"BreadcrumbList","@id":"https:\/\/www.rosaagustina.cl\/noticias\/fiestas-patrias-2019\/#breadcrumb","itemListElement":[{"@type":"ListItem","position":1,"name":"Home","item":"https:\/\/www.rosaagustina.cl\/noticias\/"},{"@type":"ListItem","position":2,"name":"Fiestas Patrias 2019"}]},{"@type":"WebSite","@id":"https:\/\/www.rosaagustina.cl\/noticias\/#website","url":"https:\/\/www.rosaagustina.cl\/noticias\/","name":"Noticias Rosa Agustina Resorts &amp; Spa","description":"Todas las promociones y noticias las podr\u00e1s encontrar aqu\u00ed","potentialAction":[{"@type":"SearchAction","target":{"@type":"EntryPoint","urlTemplate":"https:\/\/www.rosaagustina.cl\/noticias\/?s={search_term_string}"},"query-input":"required name=search_term_string"}],"inLanguage":"en-US"},{"@type":"Person","@id":"https:\/\/www.rosaagustina.cl\/noticias\/#\/schema\/person\/1a20da8b2247969230d7aaa18cb48c8a","name":"Equipo Rosa Agustina","image":{"@type":"ImageObject","inLanguage":"en-US","@id":"https:\/\/www.rosaagustina.cl\/noticias\/#\/schema\/person\/image\/","url":"https:\/\/secure.gravatar.com\/avatar\/1b19a9031bd2ad4bf47c131b81bcd89b?s=96&r=g","contentUrl":"https:\/\/secure.gravatar.com\/avatar\/1b19a9031bd2ad4bf47c131b81bcd89b?s=96&r=g","caption":"Equipo Rosa Agustina"},"sameAs":["http:\/\/www.rosaagustina.cl"],"url":"https:\/\/www.rosaagustina.cl\/noticias\/author\/admin\/"}]}},"_links":{"self":[{"href":"https:\/\/www.rosaagustina.cl\/noticias\/wp-json\/wp\/v2\/posts\/4821"}],"collection":[{"href":"https:\/\/www.rosaagustina.cl\/noticias\/wp-json\/wp\/v2\/posts"}],"about":[{"href":"https:\/\/www.rosaagustina.cl\/noticias\/wp-json\/wp\/v2\/types\/post"}],"author":[{"embeddable":true,"href":"https:\/\/www.rosaagustina.cl\/noticias\/wp-json\/wp\/v2\/users\/1"}],"replies":[{"embeddable":true,"href":"https:\/\/www.rosaagustina.cl\/noticias\/wp-json\/wp\/v2\/comments?post=4821"}],"version-history":[{"count":0,"href":"https:\/\/www.rosaagustina.cl\/noticias\/wp-json\/wp\/v2\/posts\/4821\/revisions"}],"wp:attachment":[{"href":"https:\/\/www.rosaagustina.cl\/noticias\/wp-json\/wp\/v2\/media?parent=4821"}],"wp:term":[{"taxonomy":"category","embeddable":true,"href":"https:\/\/www.rosaagustina.cl\/noticias\/wp-json\/wp\/v2\/categories?post=4821"},{"taxonomy":"post_tag","embeddable":true,"href":"https:\/\/www.rosaagustina.cl\/noticias\/wp-json\/wp\/v2\/tags?post=4821"}],"curies":[{"name":"wp","href":"https:\/\/api.w.org\/{rel}","templated":true}]}}