{"id":625,"date":"2009-08-25T10:48:24","date_gmt":"2009-08-25T14:48:24","guid":{"rendered":"http:\/\/www.rosaagustina.cl\/noticias\/?p=625"},"modified":"2009-08-26T09:12:57","modified_gmt":"2009-08-26T13:12:57","slug":"sabado-28-cata-de-vino-con-vina-ventisquero","status":"publish","type":"post","link":"https:\/\/www.rosaagustina.cl\/noticias\/sabado-28-cata-de-vino-con-vina-ventisquero\/","title":{"rendered":"S\u00e1bado 29: Cata de Vino con Vi\u00f1a Ventisquero"},"content":{"rendered":"<p><img loading=\"lazy\" decoding=\"async\" title=\"Cata de Vino\" src=\"http:\/\/www.rosaagustina.cl\/noticias\/wp-content\/uploads\/2009\/03\/catasdevino.jpg\" alt=\"Cata de Vino\" width=\"475\" height=\"130\" \/><\/p>\n<p>As\u00ed es, este <a href=\"http:\/\/www.rosaagustina.cl\/productos\/htl\/index.html\">Fin de Semana<\/a> en Rosa Agustina tendremos cata de vino con la Vi\u00f1a Ventisquero.<\/p>\n<blockquote style=\"border: 1px solid; border-width: 0 0 0 4px; border-color: #FFE7AF; padding-left: 10px; font-size:12px; font-style:italic; \"><p>La cata de un vino es ante todo una exigencia a los sentidos. No una que lleve a estr\u00e9s o a la saturaci\u00f3n sino una que estimula la concentraci\u00f3n y llama la atenci\u00f3n sobre los detalles, incluso los m\u00e1s tenues. pero no se crea que por referir finezas poco comunes es una tarea reservada para expertos profesionales pues tambi\u00e9n los bebedores comunes pueden hacer juicios bastante certeros cuando prestan la suficiente atenci\u00f3n. Eso s\u00ed, un talento natural es imprescindible.<\/p>\n<p>No hay que olvidar que un vino fino es individualizante e irrepetible al punto que no hay una botella igual a otra. Adem\u00e1s, las variables que influyen tanto en los \u00f3rganos sensoriales como en la composici\u00f3n del vino son tantas que la apreciaci\u00f3n puede cambiar considerablemente seg\u00fan las circunstancias.<\/p>\n<p>La cata parte con la vista. Este sentido informa del estado de limpidez y del color de un vino, as\u00ed como de su intensidad y matiz. Parte con un &#8220;examen del disco&#8221;, que se refiere a la parte superior del vino en la copa, formado por el menisco del l\u00edquido. Luego se estudia la limpidez, es decir el car\u00e1cter que contribuye a la presentaci\u00f3n de los vinos. Puede ser turbio, opaco, l\u00edmpido o brillante. La tonalidad exige establecer algunas diferencias en lo referente a la intensidad y al color, pues la primera se refiere a la fuerza con que est\u00e1 presente el segundo. As\u00ed puede haber un vino blanco, amarillo fuerte o tinto rub\u00ed p\u00e1lido. Tambi\u00e9n se examinan las piernas o l\u00e1grimas, esas columnas que deja el vino al escurrir por las paredes de la copa y a las que se atribuye valor indicativo de la riqueza en glicerol, az\u00facar o alcohol.<\/p>\n<p>Luego la fase olfativa se desarrolla en tres fases. La primera sin mover el vino, en la que el catador expira el aire de los pulmones y luego aspira el aire de la copa con fuerza. La segunda es la que se hace haciendo girar la copa, y la tercera se efect\u00faa despu\u00e9s de agitar el vino bruscamente a la derecha e izquierda, de forma que el l\u00edquido se divide por el movimiento.<\/p>\n<p>Finalmente, en la fase gustativa pueden percibirse en forma sucesiva varios sabores y aromas mediante el est\u00edmulo m\u00e1s directo del bulbo olfativo. Durante los primeros dos segundos, m\u00e1s o menos, se obtiene una primera impresi\u00f3n en la que se hacen notar los dulces, por lo que casi siempre es agradable. Posteriormente, en la evoluci\u00f3n, se perciben otros sabores y sustancias olfativas por v\u00eda retronasal. A\u00fan despu\u00e9s, es posible obtener conclusiones a partir del gusto final, un per\u00edodo que informa al catador acerca de la persistencia del vino.<\/p><\/blockquote>\n","protected":false},"excerpt":{"rendered":"<p>As\u00ed es, este Fin de Semana en Rosa Agustina tendremos cata de vino con la Vi\u00f1a Ventisquero. La cata de un vino es ante todo una exigencia a los sentidos. No una que lleve a estr\u00e9s o a la saturaci\u00f3n sino una que estimula la concentraci\u00f3n y llama la atenci\u00f3n sobre los detalles, incluso los [&hellip;]<\/p>\n","protected":false},"author":1,"featured_media":0,"comment_status":"open","ping_status":"open","sticky":false,"template":"","format":"standard","meta":{"footnotes":""},"categories":[26],"tags":[59,29,349],"yoast_head":"<!-- This site is optimized with the Yoast SEO plugin v22.8 - https:\/\/yoast.com\/wordpress\/plugins\/seo\/ -->\n<title>S\u00e1bado 29: Cata de Vino con Vi\u00f1a Ventisquero - Noticias Rosa Agustina Resorts &amp; Spa<\/title>\n<meta name=\"robots\" content=\"index, follow, max-snippet:-1, max-image-preview:large, max-video-preview:-1\" \/>\n<link rel=\"canonical\" href=\"https:\/\/www.rosaagustina.cl\/noticias\/sabado-28-cata-de-vino-con-vina-ventisquero\/\" \/>\n<meta property=\"og:locale\" content=\"en_US\" \/>\n<meta property=\"og:type\" content=\"article\" \/>\n<meta property=\"og:title\" content=\"S\u00e1bado 29: Cata de Vino con Vi\u00f1a Ventisquero - Noticias Rosa Agustina Resorts &amp; Spa\" \/>\n<meta property=\"og:description\" content=\"As\u00ed es, este Fin de Semana en Rosa Agustina tendremos cata de vino con la Vi\u00f1a Ventisquero. La cata de un vino es ante todo una exigencia a los sentidos. No una que lleve a estr\u00e9s o a la saturaci\u00f3n sino una que estimula la concentraci\u00f3n y llama la atenci\u00f3n sobre los detalles, incluso los [&hellip;]\" \/>\n<meta property=\"og:url\" content=\"https:\/\/www.rosaagustina.cl\/noticias\/sabado-28-cata-de-vino-con-vina-ventisquero\/\" \/>\n<meta property=\"og:site_name\" content=\"Noticias Rosa Agustina Resorts &amp; Spa\" \/>\n<meta property=\"article:published_time\" content=\"2009-08-25T14:48:24+00:00\" \/>\n<meta property=\"article:modified_time\" content=\"2009-08-26T13:12:57+00:00\" \/>\n<meta property=\"og:image\" content=\"http:\/\/www.rosaagustina.cl\/noticias\/wp-content\/uploads\/2009\/03\/catasdevino.jpg\" \/>\n<meta name=\"author\" content=\"Equipo Rosa Agustina\" \/>\n<meta name=\"twitter:card\" content=\"summary_large_image\" \/>\n<meta name=\"twitter:label1\" content=\"Written by\" \/>\n\t<meta name=\"twitter:data1\" content=\"Equipo Rosa Agustina\" \/>\n\t<meta name=\"twitter:label2\" content=\"Est. reading time\" \/>\n\t<meta name=\"twitter:data2\" content=\"2 minutes\" \/>\n<script type=\"application\/ld+json\" class=\"yoast-schema-graph\">{\"@context\":\"https:\/\/schema.org\",\"@graph\":[{\"@type\":\"WebPage\",\"@id\":\"https:\/\/www.rosaagustina.cl\/noticias\/sabado-28-cata-de-vino-con-vina-ventisquero\/\",\"url\":\"https:\/\/www.rosaagustina.cl\/noticias\/sabado-28-cata-de-vino-con-vina-ventisquero\/\",\"name\":\"S\u00e1bado 29: Cata de Vino con Vi\u00f1a Ventisquero - Noticias Rosa Agustina Resorts &amp; Spa\",\"isPartOf\":{\"@id\":\"https:\/\/www.rosaagustina.cl\/noticias\/#website\"},\"primaryImageOfPage\":{\"@id\":\"https:\/\/www.rosaagustina.cl\/noticias\/sabado-28-cata-de-vino-con-vina-ventisquero\/#primaryimage\"},\"image\":{\"@id\":\"https:\/\/www.rosaagustina.cl\/noticias\/sabado-28-cata-de-vino-con-vina-ventisquero\/#primaryimage\"},\"thumbnailUrl\":\"http:\/\/www.rosaagustina.cl\/noticias\/wp-content\/uploads\/2009\/03\/catasdevino.jpg\",\"datePublished\":\"2009-08-25T14:48:24+00:00\",\"dateModified\":\"2009-08-26T13:12:57+00:00\",\"author\":{\"@id\":\"https:\/\/www.rosaagustina.cl\/noticias\/#\/schema\/person\/1a20da8b2247969230d7aaa18cb48c8a\"},\"breadcrumb\":{\"@id\":\"https:\/\/www.rosaagustina.cl\/noticias\/sabado-28-cata-de-vino-con-vina-ventisquero\/#breadcrumb\"},\"inLanguage\":\"en-US\",\"potentialAction\":[{\"@type\":\"ReadAction\",\"target\":[\"https:\/\/www.rosaagustina.cl\/noticias\/sabado-28-cata-de-vino-con-vina-ventisquero\/\"]}]},{\"@type\":\"ImageObject\",\"inLanguage\":\"en-US\",\"@id\":\"https:\/\/www.rosaagustina.cl\/noticias\/sabado-28-cata-de-vino-con-vina-ventisquero\/#primaryimage\",\"url\":\"https:\/\/www.rosaagustina.cl\/noticias\/wp-content\/uploads\/2009\/03\/catasdevino.jpg\",\"contentUrl\":\"https:\/\/www.rosaagustina.cl\/noticias\/wp-content\/uploads\/2009\/03\/catasdevino.jpg\",\"width\":\"475\",\"height\":\"130\"},{\"@type\":\"BreadcrumbList\",\"@id\":\"https:\/\/www.rosaagustina.cl\/noticias\/sabado-28-cata-de-vino-con-vina-ventisquero\/#breadcrumb\",\"itemListElement\":[{\"@type\":\"ListItem\",\"position\":1,\"name\":\"Home\",\"item\":\"https:\/\/www.rosaagustina.cl\/noticias\/\"},{\"@type\":\"ListItem\",\"position\":2,\"name\":\"S\u00e1bado 29: Cata de Vino con Vi\u00f1a Ventisquero\"}]},{\"@type\":\"WebSite\",\"@id\":\"https:\/\/www.rosaagustina.cl\/noticias\/#website\",\"url\":\"https:\/\/www.rosaagustina.cl\/noticias\/\",\"name\":\"Noticias Rosa Agustina Resorts &amp; Spa\",\"description\":\"Todas las promociones y noticias las podr\u00e1s encontrar aqu\u00ed\",\"potentialAction\":[{\"@type\":\"SearchAction\",\"target\":{\"@type\":\"EntryPoint\",\"urlTemplate\":\"https:\/\/www.rosaagustina.cl\/noticias\/?s={search_term_string}\"},\"query-input\":\"required name=search_term_string\"}],\"inLanguage\":\"en-US\"},{\"@type\":\"Person\",\"@id\":\"https:\/\/www.rosaagustina.cl\/noticias\/#\/schema\/person\/1a20da8b2247969230d7aaa18cb48c8a\",\"name\":\"Equipo Rosa Agustina\",\"image\":{\"@type\":\"ImageObject\",\"inLanguage\":\"en-US\",\"@id\":\"https:\/\/www.rosaagustina.cl\/noticias\/#\/schema\/person\/image\/\",\"url\":\"https:\/\/secure.gravatar.com\/avatar\/1b19a9031bd2ad4bf47c131b81bcd89b?s=96&r=g\",\"contentUrl\":\"https:\/\/secure.gravatar.com\/avatar\/1b19a9031bd2ad4bf47c131b81bcd89b?s=96&r=g\",\"caption\":\"Equipo Rosa Agustina\"},\"sameAs\":[\"http:\/\/www.rosaagustina.cl\"],\"url\":\"https:\/\/www.rosaagustina.cl\/noticias\/author\/admin\/\"}]}<\/script>\n<!-- \/ Yoast SEO plugin. -->","yoast_head_json":{"title":"S\u00e1bado 29: Cata de Vino con Vi\u00f1a Ventisquero - Noticias Rosa Agustina Resorts &amp; Spa","robots":{"index":"index","follow":"follow","max-snippet":"max-snippet:-1","max-image-preview":"max-image-preview:large","max-video-preview":"max-video-preview:-1"},"canonical":"https:\/\/www.rosaagustina.cl\/noticias\/sabado-28-cata-de-vino-con-vina-ventisquero\/","og_locale":"en_US","og_type":"article","og_title":"S\u00e1bado 29: Cata de Vino con Vi\u00f1a Ventisquero - Noticias Rosa Agustina Resorts &amp; Spa","og_description":"As\u00ed es, este Fin de Semana en Rosa Agustina tendremos cata de vino con la Vi\u00f1a Ventisquero. La cata de un vino es ante todo una exigencia a los sentidos. No una que lleve a estr\u00e9s o a la saturaci\u00f3n sino una que estimula la concentraci\u00f3n y llama la atenci\u00f3n sobre los detalles, incluso los [&hellip;]","og_url":"https:\/\/www.rosaagustina.cl\/noticias\/sabado-28-cata-de-vino-con-vina-ventisquero\/","og_site_name":"Noticias Rosa Agustina Resorts &amp; Spa","article_published_time":"2009-08-25T14:48:24+00:00","article_modified_time":"2009-08-26T13:12:57+00:00","og_image":[{"url":"http:\/\/www.rosaagustina.cl\/noticias\/wp-content\/uploads\/2009\/03\/catasdevino.jpg"}],"author":"Equipo Rosa Agustina","twitter_card":"summary_large_image","twitter_misc":{"Written by":"Equipo Rosa Agustina","Est. reading time":"2 minutes"},"schema":{"@context":"https:\/\/schema.org","@graph":[{"@type":"WebPage","@id":"https:\/\/www.rosaagustina.cl\/noticias\/sabado-28-cata-de-vino-con-vina-ventisquero\/","url":"https:\/\/www.rosaagustina.cl\/noticias\/sabado-28-cata-de-vino-con-vina-ventisquero\/","name":"S\u00e1bado 29: Cata de Vino con Vi\u00f1a Ventisquero - Noticias Rosa Agustina Resorts &amp; Spa","isPartOf":{"@id":"https:\/\/www.rosaagustina.cl\/noticias\/#website"},"primaryImageOfPage":{"@id":"https:\/\/www.rosaagustina.cl\/noticias\/sabado-28-cata-de-vino-con-vina-ventisquero\/#primaryimage"},"image":{"@id":"https:\/\/www.rosaagustina.cl\/noticias\/sabado-28-cata-de-vino-con-vina-ventisquero\/#primaryimage"},"thumbnailUrl":"http:\/\/www.rosaagustina.cl\/noticias\/wp-content\/uploads\/2009\/03\/catasdevino.jpg","datePublished":"2009-08-25T14:48:24+00:00","dateModified":"2009-08-26T13:12:57+00:00","author":{"@id":"https:\/\/www.rosaagustina.cl\/noticias\/#\/schema\/person\/1a20da8b2247969230d7aaa18cb48c8a"},"breadcrumb":{"@id":"https:\/\/www.rosaagustina.cl\/noticias\/sabado-28-cata-de-vino-con-vina-ventisquero\/#breadcrumb"},"inLanguage":"en-US","potentialAction":[{"@type":"ReadAction","target":["https:\/\/www.rosaagustina.cl\/noticias\/sabado-28-cata-de-vino-con-vina-ventisquero\/"]}]},{"@type":"ImageObject","inLanguage":"en-US","@id":"https:\/\/www.rosaagustina.cl\/noticias\/sabado-28-cata-de-vino-con-vina-ventisquero\/#primaryimage","url":"https:\/\/www.rosaagustina.cl\/noticias\/wp-content\/uploads\/2009\/03\/catasdevino.jpg","contentUrl":"https:\/\/www.rosaagustina.cl\/noticias\/wp-content\/uploads\/2009\/03\/catasdevino.jpg","width":"475","height":"130"},{"@type":"BreadcrumbList","@id":"https:\/\/www.rosaagustina.cl\/noticias\/sabado-28-cata-de-vino-con-vina-ventisquero\/#breadcrumb","itemListElement":[{"@type":"ListItem","position":1,"name":"Home","item":"https:\/\/www.rosaagustina.cl\/noticias\/"},{"@type":"ListItem","position":2,"name":"S\u00e1bado 29: Cata de Vino con Vi\u00f1a Ventisquero"}]},{"@type":"WebSite","@id":"https:\/\/www.rosaagustina.cl\/noticias\/#website","url":"https:\/\/www.rosaagustina.cl\/noticias\/","name":"Noticias Rosa Agustina Resorts &amp; Spa","description":"Todas las promociones y noticias las podr\u00e1s encontrar aqu\u00ed","potentialAction":[{"@type":"SearchAction","target":{"@type":"EntryPoint","urlTemplate":"https:\/\/www.rosaagustina.cl\/noticias\/?s={search_term_string}"},"query-input":"required name=search_term_string"}],"inLanguage":"en-US"},{"@type":"Person","@id":"https:\/\/www.rosaagustina.cl\/noticias\/#\/schema\/person\/1a20da8b2247969230d7aaa18cb48c8a","name":"Equipo Rosa Agustina","image":{"@type":"ImageObject","inLanguage":"en-US","@id":"https:\/\/www.rosaagustina.cl\/noticias\/#\/schema\/person\/image\/","url":"https:\/\/secure.gravatar.com\/avatar\/1b19a9031bd2ad4bf47c131b81bcd89b?s=96&r=g","contentUrl":"https:\/\/secure.gravatar.com\/avatar\/1b19a9031bd2ad4bf47c131b81bcd89b?s=96&r=g","caption":"Equipo Rosa Agustina"},"sameAs":["http:\/\/www.rosaagustina.cl"],"url":"https:\/\/www.rosaagustina.cl\/noticias\/author\/admin\/"}]}},"_links":{"self":[{"href":"https:\/\/www.rosaagustina.cl\/noticias\/wp-json\/wp\/v2\/posts\/625"}],"collection":[{"href":"https:\/\/www.rosaagustina.cl\/noticias\/wp-json\/wp\/v2\/posts"}],"about":[{"href":"https:\/\/www.rosaagustina.cl\/noticias\/wp-json\/wp\/v2\/types\/post"}],"author":[{"embeddable":true,"href":"https:\/\/www.rosaagustina.cl\/noticias\/wp-json\/wp\/v2\/users\/1"}],"replies":[{"embeddable":true,"href":"https:\/\/www.rosaagustina.cl\/noticias\/wp-json\/wp\/v2\/comments?post=625"}],"version-history":[{"count":0,"href":"https:\/\/www.rosaagustina.cl\/noticias\/wp-json\/wp\/v2\/posts\/625\/revisions"}],"wp:attachment":[{"href":"https:\/\/www.rosaagustina.cl\/noticias\/wp-json\/wp\/v2\/media?parent=625"}],"wp:term":[{"taxonomy":"category","embeddable":true,"href":"https:\/\/www.rosaagustina.cl\/noticias\/wp-json\/wp\/v2\/categories?post=625"},{"taxonomy":"post_tag","embeddable":true,"href":"https:\/\/www.rosaagustina.cl\/noticias\/wp-json\/wp\/v2\/tags?post=625"}],"curies":[{"name":"wp","href":"https:\/\/api.w.org\/{rel}","templated":true}]}}